{"id":121058,"date":"2026-09-04T17:51:38","date_gmt":"2026-09-04T15:51:38","guid":{"rendered":"https:\/\/lespresdeugenie.com\/vacances-automne-landes\/"},"modified":"2026-09-04T18:36:53","modified_gmt":"2026-09-04T16:36:53","slug":"vacaciones-otono-landas","status":"publish","type":"post","link":"https:\/\/lespresdeugenie.com\/es\/vacaciones-otono-landas\/","title":{"rendered":"Vacaciones de oto\u00f1o en las Landas: qu\u00e9 hacer en familia"},"content":{"rendered":"\n<div class=\"wp-block-columns is-layout-flex wp-container-core-columns-is-layout-7387b849 wp-block-columns-is-layout-flex\">\n<div class=\"wp-block-column is-layout-flow wp-block-column-is-layout-flow\" style=\"flex-basis:5%\"><\/div>\n\n\n\n<div class=\"wp-block-column is-layout-flow wp-block-column-is-layout-flow\" style=\"flex-basis:90%\">\n<h2 class=\"wp-block-heading\">Manos peque\u00f1as, grandes pesquisas y alg\u00fan que otro escalofr\u00edo<\/h2>\n\n\n\n<div style=\"height:30px\" aria-hidden=\"true\" class=\"wp-block-spacer\"><\/div>\n\n\n\n<blockquote class=\"wp-block-quote is-layout-flow wp-block-quote-is-layout-flow\">\n<p class=\"wp-block-paragraph\">Del 18 de octubre al 1 de noviembre de 2026, Eug\u00e9nie y sus alrededores se toman las vacaciones de oto\u00f1o muy en serio. Es un decir. Aqu\u00ed se moldea la tierra, se graba la piedra, se sigue el rastro de caballos reales y se da caza a alguna criatura bastante menos formal. La mayor\u00eda de las actividades, y en especial los talleres, se imparten en franc\u00e9s. Pero las manos siempre han sabido entenderse. Nuestra selecci\u00f3n para mantener ocupadas las manos, las piernas y el ingenio.<\/p>\n<\/blockquote>\n<\/div>\n\n\n\n<div class=\"wp-block-column is-layout-flow wp-block-column-is-layout-flow\" style=\"flex-basis:5%\"><\/div>\n<\/div>\n\n\n\n<div style=\"height:30px\" aria-hidden=\"true\" class=\"wp-block-spacer\"><\/div>\n\n\n\n<div class=\"wp-block-columns is-layout-flex wp-container-core-columns-is-layout-7387b849 wp-block-columns-is-layout-flex\">\n<div class=\"wp-block-column is-layout-flow wp-block-column-is-layout-flow\" style=\"flex-basis:5%\"><\/div>\n\n\n\n<div class=\"wp-block-column is-vertically-aligned-center is-layout-flow wp-block-column-is-layout-flow\" style=\"flex-basis:30%\">\n<figure class=\"wp-block-image size-large\"><img decoding=\"async\" width=\"576\" height=\"1024\" src=\"https:\/\/lespresdeugenie.com\/wp-content\/uploads\/2026\/09\/activites-vacances-automne-2-576x1024.jpg\" alt=\"\" class=\"wp-image-121036\" role=\"none\" srcset=\"https:\/\/lespresdeugenie.com\/wp-content\/uploads\/2026\/09\/activites-vacances-automne-2-576x1024.jpg 576w, https:\/\/lespresdeugenie.com\/wp-content\/uploads\/2026\/09\/activites-vacances-automne-2-169x300.png 169w, https:\/\/lespresdeugenie.com\/wp-content\/uploads\/2026\/09\/activites-vacances-automne-2-768x1364.jpg 768w, https:\/\/lespresdeugenie.com\/wp-content\/uploads\/2026\/09\/activites-vacances-automne-2-864x1536.jpg 864w, https:\/\/lespresdeugenie.com\/wp-content\/uploads\/2026\/09\/activites-vacances-automne-2.jpg 941w\" sizes=\"(max-width: 576px) 100vw, 576px\" \/><\/figure>\n<\/div>\n\n\n\n<div class=\"wp-block-column is-layout-flow wp-block-column-is-layout-flow\" style=\"flex-basis:60%\">\n<h2 class=\"wp-block-heading\">\u00a1Ni pizca de miedo! Citas con Halloween<\/h2>\n\n\n\n<h3 class=\"wp-block-heading\">Pociones y criaturas en Saint-Sever<\/h3>\n\n\n\n<p class=\"wp-block-paragraph\">El museo se llena de misterios. Habr\u00e1 que preparar una poci\u00f3n y salir en busca de las criaturas que se esconden por sus salas. Los disfraces son m\u00e1s que bienvenidos. Tambi\u00e9n los monstruos bien peinados.<\/p>\n\n\n\n<p class=\"wp-block-paragraph\"><strong>Viernes 30 de octubre a las 11 h<\/strong> \u00b7 Mus\u00e9e d\u2019art et d\u2019histoire du Cap de Gascogne, Saint-Sever \u00b7 A partir de 6 a\u00f1os \u00b7 7 \u20ac, con un adulto acompa\u00f1ante gratuito por familia \u00b7 Reserva obligatoria.<br><a href=\"https:\/\/www.tourismelandes.com\/agenda\/visite-monstrueuse-au-musee-fmaaqu040v510woz\/\">Descubrir la visita monstruosa<\/a><\/p>\n\n\n\n<h3 class=\"wp-block-heading\">Escalofr\u00edos en la cripta de Hagetmau<\/h3>\n\n\n\n<p class=\"wp-block-paragraph\">Bajo la antigua abad\u00eda de Saint-Girons, una poci\u00f3n m\u00e1gica, algunas criaturas y peque\u00f1os sustos componen una visita en familia con un delicioso aire inquietante.<\/p>\n\n\n\n<p class=\"wp-block-paragraph\"><strong>Viernes 23 de octubre a las 11 h<\/strong> \u00b7 Crypte Saint-Girons, Hagetmau \u00b7 Edad no indicada \u00b7 5 \u20ac, 4 \u20ac de 10 a 18 a\u00f1os, gratuito para menores de 10 \u00b7 Reserva y pago anticipado en el +33 (0)5 58 76 34 64.<br><a href=\"https:\/\/www.landes-chalosse.com\/explorer\/quand-le-pays-landes-chalosse-m-est-conte\/les-visites-guidees-de-l-office-de-tourisme-landes-chalosse\/visites-ludiques-en-2026\">Consultar el programa<\/a><\/p>\n<\/div>\n\n\n\n<div class=\"wp-block-column is-layout-flow wp-block-column-is-layout-flow\" style=\"flex-basis:5%\"><\/div>\n<\/div>\n\n\n\n<div class=\"wp-block-columns is-layout-flex wp-container-core-columns-is-layout-7387b849 wp-block-columns-is-layout-flex\">\n<div class=\"wp-block-column is-layout-flow wp-block-column-is-layout-flow\" style=\"flex-basis:5%\"><\/div>\n\n\n\n<div class=\"wp-block-column is-vertically-aligned-center is-layout-flow wp-block-column-is-layout-flow\" style=\"flex-basis:30%\">\n<figure class=\"wp-block-image size-large\"><img decoding=\"async\" width=\"576\" height=\"1024\" src=\"https:\/\/lespresdeugenie.com\/wp-content\/uploads\/2026\/09\/activites-vacances-automne-3-576x1024.jpg\" alt=\"\" class=\"wp-image-121039\" role=\"none\" srcset=\"https:\/\/lespresdeugenie.com\/wp-content\/uploads\/2026\/09\/activites-vacances-automne-3-576x1024.jpg 576w, https:\/\/lespresdeugenie.com\/wp-content\/uploads\/2026\/09\/activites-vacances-automne-3-169x300.png 169w, https:\/\/lespresdeugenie.com\/wp-content\/uploads\/2026\/09\/activites-vacances-automne-3-768x1364.jpg 768w, https:\/\/lespresdeugenie.com\/wp-content\/uploads\/2026\/09\/activites-vacances-automne-3-864x1536.jpg 864w, https:\/\/lespresdeugenie.com\/wp-content\/uploads\/2026\/09\/activites-vacances-automne-3.jpg 941w\" sizes=\"(max-width: 576px) 100vw, 576px\" \/><\/figure>\n\n\n\n<figure class=\"wp-block-image size-large\"><img decoding=\"async\" width=\"576\" height=\"1024\" src=\"https:\/\/lespresdeugenie.com\/wp-content\/uploads\/2026\/09\/activites-vacances-automne-5-576x1024.jpg\" alt=\"\" class=\"wp-image-121042\" role=\"none\" srcset=\"https:\/\/lespresdeugenie.com\/wp-content\/uploads\/2026\/09\/activites-vacances-automne-5-576x1024.jpg 576w, https:\/\/lespresdeugenie.com\/wp-content\/uploads\/2026\/09\/activites-vacances-automne-5-169x300.jpg 169w, https:\/\/lespresdeugenie.com\/wp-content\/uploads\/2026\/09\/activites-vacances-automne-5-768x1365.jpg 768w, https:\/\/lespresdeugenie.com\/wp-content\/uploads\/2026\/09\/activites-vacances-automne-5-864x1536.jpg 864w, https:\/\/lespresdeugenie.com\/wp-content\/uploads\/2026\/09\/activites-vacances-automne-5.jpg 941w\" sizes=\"(max-width: 576px) 100vw, 576px\" \/><\/figure>\n<\/div>\n\n\n\n<div class=\"wp-block-column is-layout-flow wp-block-column-is-layout-flow\" style=\"flex-basis:60%\">\n<h2 class=\"wp-block-heading\">Manos peque\u00f1as en acci\u00f3n<\/h2>\n\n\n\n<h3 class=\"wp-block-heading\">Manos a la obra en Montfort<\/h3>\n\n\n\n<p class=\"wp-block-paragraph\">Tierra, agua y algo de ma\u00f1a. Cada familia fabrica su propio ladrillo de tierra cruda y despu\u00e9s pone a prueba su resistencia en la casa del museo. \u00bfCu\u00e1l ser\u00e1 el m\u00e1s fuerte?<\/p>\n\n\n\n<p class=\"wp-block-paragraph\"><strong>Martes 20 y 27 de octubre, de 10.30 a 12 h<\/strong> \u00b7 Mus\u00e9e de la Chalosse, Montfort-en-Chalosse \u00b7 A partir de 3 a\u00f1os \u00b7 5 \u20ac por adulto y por ni\u00f1o \u00b7 M\u00e1ximo seis personas por familia.<\/p>\n\n\n\n<h3 class=\"wp-block-heading\">Con las manos en la masa<\/h3>\n\n\n\n<p class=\"wp-block-paragraph\">Despu\u00e9s de descubrir la casa de los aparceros, los ni\u00f1os meten las manos en la masa y se marchan con su peque\u00f1o pan todav\u00eda caliente. M\u00e1s reci\u00e9n hecho, imposible.<\/p>\n\n\n\n<p class=\"wp-block-paragraph\"><strong>Mi\u00e9rcoles 21 y 28 de octubre, de 10.30 a 12 h<\/strong> \u00b7 Mus\u00e9e de la Chalosse, Montfort-en-Chalosse \u00b7 A partir de 6 a\u00f1os, sin padres \u00b7 Suplemento de 2 \u20ac sobre la entrada.<\/p>\n\n\n\n<h3 class=\"wp-block-heading\">\u00a1A por las canicas!<\/h3>\n\n\n\n<p class=\"wp-block-paragraph\">Los ni\u00f1os fabrican sus propias canicas de arcilla y despu\u00e9s descubren este juego tradicional. Una ma\u00f1ana redonda, como no pod\u00eda ser de otro modo.<\/p>\n\n\n\n<p class=\"wp-block-paragraph\"><strong>Jueves 22 y 29 de octubre, de 10.30 a 12 h<\/strong> \u00b7 Mus\u00e9e de la Chalosse, Montfort-en-Chalosse \u00b7 A partir de 6 a\u00f1os, sin padres \u00b7 Suplemento de 2 \u20ac sobre la entrada.<\/p>\n\n\n\n<p class=\"wp-block-paragraph\">Para los tres talleres: reserva obligatoria en el +33 (0)5 58 98 69 27, como muy tarde el d\u00eda anterior.<br><a href=\"https:\/\/www.guide-des-landes.com\/fr\/tourisme\/se-divertir\/loisirs-enfants\/montfort-en-chalosse-191\/musee-de-la-chalosse-4401.html\">Consultar el programa de Montfort<\/a><\/p>\n\n\n\n<h3 class=\"wp-block-heading\">Una joya llegada de la Prehistoria<\/h3>\n\n\n\n<p class=\"wp-block-paragraph\">En Brassempouy se pule una piedra blanda, se perfora con una herramienta de s\u00edlex y se convierte en un collar para llevarse a casa. Treinta minutos con mucho car\u00e1cter.<\/p>\n\n\n\n<p class=\"wp-block-paragraph\"><strong>Martes 20 y 27 y jueves 22 y 29 de octubre, de 14.30 a 17.30 h, de forma continua<\/strong> \u00b7 Pr\u00e9histoSite de Brassempouy \u00b7 A partir de 5 a\u00f1os, con un adulto \u00b7 Taller incluido con la entrada \u00b7 Sin reserva, sujeto a disponibilidad.<br><a href=\"https:\/\/www.prehistoire-brassempouy.fr\/actualites\/les-ateliers-des-vacances\/atelier-fabrication-d-un-bijou\">Descubrir el taller de joyer\u00eda<\/a><\/p>\n\n\n\n<h3 class=\"wp-block-heading\">Grabado en piedra<\/h3>\n\n\n\n<p class=\"wp-block-paragraph\">Una placa de pizarra, una lasca de s\u00edlex y bastante concentraci\u00f3n. Cada uno prueba las t\u00e9cnicas del grabado prehist\u00f3rico y se lleva su obra a casa.<\/p>\n\n\n\n<p class=\"wp-block-paragraph\"><strong>Mi\u00e9rcoles 21 y 28 y viernes 23 y 30 de octubre, de 14.30 a 17.30 h, de forma continua<\/strong> \u00b7 Pr\u00e9histoSite de Brassempouy \u00b7 A partir de 5 a\u00f1os, con un adulto \u00b7 Taller de 30 minutos incluido con la entrada \u00b7 Entradas: 11 \u20ac adultos, 9,50 \u20ac de 5 a 15 a\u00f1os, gratuito hasta los 4 a\u00f1os, tarifa familiar 36 \u20ac.<br><a href=\"https:\/\/www.prehistoire-brassempouy.fr\/actualites\/les-ateliers-des-vacances\/atelier-gravure-sur-pierre-vac-hiver-et-automne\">Descubrir el taller de grabado<\/a><\/p>\n\n\n\n<h3 class=\"wp-block-heading\">Manos en el barro<\/h3>\n\n\n\n<p class=\"wp-block-paragraph\">En el Mus\u00e9e du Paysan Gascon, peque\u00f1os y mayores preparan una mezcla de tierra y paja para aplicarla despu\u00e9s sobre una estructura de madera. Lo justo para mancharse y, sobre todo, para entender c\u00f3mo se hac\u00eda.<\/p>\n\n\n\n<p class=\"wp-block-paragraph\"><strong>Mi\u00e9rcoles 21 y 28 de octubre, de 15 a 18 h, de forma continua<\/strong> \u00b7 Mus\u00e9e du Paysan Gascon, Toujouse \u00b7 A partir de 4 a\u00f1os \u00b7 Aproximadamente 1 hora \u00b7 Sin reserva \u00b7 8 \u20ac adultos, 5 \u20ac de 4 a 17 a\u00f1os, visita al museo incluida.<br><a href=\"https:\/\/www.gers-armagnac.com\/explorer\/activites-loisirs\/7550104_atelier-fabrication-de-torchis\/\">Ver el taller de entramado con barro<\/a><\/p>\n<\/div>\n\n\n\n<div class=\"wp-block-column is-layout-flow wp-block-column-is-layout-flow\" style=\"flex-basis:5%\"><\/div>\n<\/div>\n\n\n\n<div class=\"wp-block-columns is-layout-flex wp-container-core-columns-is-layout-7387b849 wp-block-columns-is-layout-flex\">\n<div class=\"wp-block-column is-layout-flow wp-block-column-is-layout-flow\" style=\"flex-basis:5%\"><\/div>\n\n\n\n<div class=\"wp-block-column is-vertically-aligned-center is-layout-flow wp-block-column-is-layout-flow\" style=\"flex-basis:30%\">\n<figure class=\"wp-block-image size-large\"><img decoding=\"async\" width=\"576\" height=\"1024\" src=\"https:\/\/lespresdeugenie.com\/wp-content\/uploads\/2026\/09\/activites-vacances-automne-6-576x1024.jpg\" alt=\"\" class=\"wp-image-121045\" srcset=\"https:\/\/lespresdeugenie.com\/wp-content\/uploads\/2026\/09\/activites-vacances-automne-6-576x1024.jpg 576w, https:\/\/lespresdeugenie.com\/wp-content\/uploads\/2026\/09\/activites-vacances-automne-6-169x300.png 169w, https:\/\/lespresdeugenie.com\/wp-content\/uploads\/2026\/09\/activites-vacances-automne-6-768x1364.jpg 768w, https:\/\/lespresdeugenie.com\/wp-content\/uploads\/2026\/09\/activites-vacances-automne-6-864x1536.jpg 864w, https:\/\/lespresdeugenie.com\/wp-content\/uploads\/2026\/09\/activites-vacances-automne-6.jpg 941w\" sizes=\"(max-width: 576px) 100vw, 576px\" \/><\/figure>\n<\/div>\n\n\n\n<div class=\"wp-block-column is-layout-flow wp-block-column-is-layout-flow\" style=\"flex-basis:60%\">\n<h2 class=\"wp-block-heading\">Crear no tiene edad<\/h2>\n\n\n\n<h3 class=\"wp-block-heading\">La loza pasa por sus manos<\/h3>\n\n\n\n<p class=\"wp-block-paragraph\">Guiados por Marielle Meynard, los adultos elaboran y decoran una pieza de loza siguiendo t\u00e9cnicas del siglo XVIII. Una vez cocida, cada cual podr\u00e1 recoger su creaci\u00f3n.<\/p>\n\n\n\n<p class=\"wp-block-paragraph\"><strong>Domingo 18 de octubre, de 14.30 a 17.30 h<\/strong> \u00b7 Mus\u00e9e d\u00e9partemental de la Fa\u00efence et des Arts de la table, Samadet \u00b7 Adultos \u00b7 10 \u20ac \u00b7 Reserva en el +33 (0)5 58 79 13 00.<br><a href=\"https:\/\/www.guide-des-landes.com\/fr\/tourisme\/se-divertir\/art-et-culture\/spectacles\/samadet-283\/musee-de-la-faience-et-des-arts-de-la-table-5082.html\">Ver el taller de Samadet<\/a><\/p>\n\n\n\n<h3 class=\"wp-block-heading\">Un bolso, hebra a hebra<\/h3>\n\n\n\n<p class=\"wp-block-paragraph\">Una jornada para aprender a trenzar mimbre sin tratar y convertirlo en un bolso con asa de cuero. El material est\u00e1 incluido. La paciencia corre por cuenta de cada uno.<\/p>\n\n\n\n<p class=\"wp-block-paragraph\"><strong>Domingo 18 de octubre, de 9.30 a 17 h<\/strong> \u00b7 Mus\u00e9e du Paysan Gascon, Toujouse \u00b7 A partir de 15 a\u00f1os \u00b7 90 \u20ac \u00b7 Reserva antes del 11 de octubre en el +33 (0)5 62 09 18 11.<br><a href=\"https:\/\/www.intramuros.org\/toujouse\/agenda\/794889\">Ver el taller de cester\u00eda<\/a><\/p>\n\n\n\n<h3 class=\"wp-block-heading\">Un Halloween al rojo vivo<\/h3>\n\n\n\n<p class=\"wp-block-paragraph\">Tras una ma\u00f1ana dedicada al fuego, al metal y a los gestos esenciales de la forja, los participantes fabrican su propio pasador para el pelo. Es obligatorio llevar calzado de seguridad, gafas, protecci\u00f3n auditiva y ropa de trabajo.<\/p>\n\n\n\n<p class=\"wp-block-paragraph\"><strong>S\u00e1bado 31 de octubre, de 9.30 a 12.30 h y de 14 a 17 h<\/strong> \u00b7 Mus\u00e9e du Paysan Gascon, Toujouse \u00b7 A partir de 18 a\u00f1os \u00b7 75 \u20ac, visita al museo incluida \u00b7 Reserva antes del 25 de octubre.<br><a href=\"https:\/\/www.tourisme-landesdarmagnac.fr\/voir-faire\/agenda\/6703678-stage-dinitiation--forge\">Ver el taller de forja<\/a><\/p>\n<\/div>\n\n\n\n<div class=\"wp-block-column is-layout-flow wp-block-column-is-layout-flow\" style=\"flex-basis:5%\"><\/div>\n<\/div>\n\n\n\n<div class=\"wp-block-columns is-layout-flex wp-container-core-columns-is-layout-7387b849 wp-block-columns-is-layout-flex\">\n<div class=\"wp-block-column is-layout-flow wp-block-column-is-layout-flow\" style=\"flex-basis:5%\"><\/div>\n\n\n\n<div class=\"wp-block-column is-vertically-aligned-center is-layout-flow wp-block-column-is-layout-flow\" style=\"flex-basis:30%\">\n<figure class=\"wp-block-image size-large\"><img decoding=\"async\" width=\"576\" height=\"1024\" src=\"https:\/\/lespresdeugenie.com\/wp-content\/uploads\/2026\/09\/activites-vacances-automne-1-576x1024.jpg\" alt=\"\" class=\"wp-image-121048\" srcset=\"https:\/\/lespresdeugenie.com\/wp-content\/uploads\/2026\/09\/activites-vacances-automne-1-576x1024.jpg 576w, https:\/\/lespresdeugenie.com\/wp-content\/uploads\/2026\/09\/activites-vacances-automne-1-169x300.png 169w, https:\/\/lespresdeugenie.com\/wp-content\/uploads\/2026\/09\/activites-vacances-automne-1-768x1364.jpg 768w, https:\/\/lespresdeugenie.com\/wp-content\/uploads\/2026\/09\/activites-vacances-automne-1-864x1536.jpg 864w, https:\/\/lespresdeugenie.com\/wp-content\/uploads\/2026\/09\/activites-vacances-automne-1.jpg 941w\" sizes=\"(max-width: 576px) 100vw, 576px\" \/><\/figure>\n<\/div>\n\n\n\n<div class=\"wp-block-column is-layout-flow wp-block-column-is-layout-flow\" style=\"flex-basis:60%\">\n<h2 class=\"wp-block-heading\">Enigmas, escondites y puertas secretas<\/h2>\n\n\n\n<h3 class=\"wp-block-heading\">Los v\u00e1ndalos pueden esperar<\/h3>\n\n\n\n<p class=\"wp-block-paragraph\">Saint-Sever est\u00e1 amenazada, pero dos enamorados tienen que encontrarse antes de que lleguen los v\u00e1ndalos. El equipo dispone de una hora para resolver un <em>escape game<\/em> a tama\u00f1o real escondido por el museo.<\/p>\n\n\n\n<p class=\"wp-block-paragraph\"><strong>Mi\u00e9rcoles 21 de octubre a las 10 h<\/strong> \u00b7 Mus\u00e9e d\u2019art et d\u2019histoire du Cap de Gascogne, Saint-Sever \u00b7 A partir de 8 a\u00f1os \u00b7 M\u00e1ximo seis jugadores \u00b7 6 \u20ac por persona \u00b7 Reserva obligatoria.<br><a href=\"https:\/\/www.tourismelandes.com\/agenda\/escape-game-le-dernier-rendez-vous-fmaaqu040v513ex0\/\">Ver \u00abLe dernier rendez-vous\u00bb<\/a><\/p>\n\n\n\n<h3 class=\"wp-block-heading\">Brujas en el Adour: la caza comienza al caer la noche<\/h3>\n\n\n\n<p class=\"wp-block-paragraph\">Tel\u00e9fono en mano, se siguen enigmas y c\u00f3digos QR hasta dar con Ze Night, el Po\u00ef\u2019z escondido en este recorrido nocturno de tres kil\u00f3metros. Una b\u00fasqueda del tesoro gratuita para emprender cuando cae la oscuridad. Linterna muy recomendable.<\/p>\n\n\n\n<p class=\"wp-block-paragraph\"><strong>Todos los d\u00edas durante las vacaciones<\/strong> \u00b7 Aire-sur-l\u2019Adour \u00b7 Recorrido familiar por libre \u00b7 Aplicaci\u00f3n gratuita T\u00e8rra Aventura \u00b7 Unos 3 km \u00b7 Se admiten animales.<br><a href=\"https:\/\/www.tourisme-aire-eugenie.fr\/A-voir-a-faire\/Activites-sportives-et-culturelles\/terra-aventura-sorcieres-sur-adour\/6292\">Ver \u00abSorci\u00e8res sur l\u2019Adour\u00bb<\/a><\/p>\n<\/div>\n\n\n\n<div class=\"wp-block-column is-layout-flow wp-block-column-is-layout-flow\" style=\"flex-basis:5%\"><\/div>\n<\/div>\n\n\n\n<div class=\"wp-block-columns is-layout-flex wp-container-core-columns-is-layout-7387b849 wp-block-columns-is-layout-flex\">\n<div class=\"wp-block-column is-layout-flow wp-block-column-is-layout-flow\" style=\"flex-basis:5%\"><\/div>\n\n\n\n<div class=\"wp-block-column is-vertically-aligned-center is-layout-flow wp-block-column-is-layout-flow\" style=\"flex-basis:30%\">\n<figure class=\"wp-block-image size-large\"><img decoding=\"async\" width=\"576\" height=\"1024\" src=\"https:\/\/lespresdeugenie.com\/wp-content\/uploads\/2026\/09\/activites-vacances-automne-4-576x1024.jpg\" alt=\"\" class=\"wp-image-121051\" srcset=\"https:\/\/lespresdeugenie.com\/wp-content\/uploads\/2026\/09\/activites-vacances-automne-4-576x1024.jpg 576w, https:\/\/lespresdeugenie.com\/wp-content\/uploads\/2026\/09\/activites-vacances-automne-4-169x300.png 169w, https:\/\/lespresdeugenie.com\/wp-content\/uploads\/2026\/09\/activites-vacances-automne-4-768x1364.jpg 768w, https:\/\/lespresdeugenie.com\/wp-content\/uploads\/2026\/09\/activites-vacances-automne-4-864x1536.jpg 864w, https:\/\/lespresdeugenie.com\/wp-content\/uploads\/2026\/09\/activites-vacances-automne-4.jpg 941w\" sizes=\"(max-width: 576px) 100vw, 576px\" \/><\/figure>\n<\/div>\n\n\n\n<div class=\"wp-block-column is-layout-flow wp-block-column-is-layout-flow\" style=\"flex-basis:60%\">\n<h2 class=\"wp-block-heading\">En el castillo de Enrique IV, los caballos llevan las riendas<\/h2>\n\n\n\n<p class=\"wp-block-paragraph\">Enrique IV naci\u00f3 en el Ch\u00e2teau de Pau en 1553, mucho antes de convertirse en uno de los reyes m\u00e1s queridos de Francia. Su lugar de nacimiento a\u00fan contempla los Pirineos, entre estancias que conservan la memoria de quien llegar\u00eda a unir un reino dividido. Durante las vacaciones de oto\u00f1o, los m\u00e1s peque\u00f1os se acercan a su mundo siguiendo otro hilo de la vida real: los caballos.<\/p>\n\n\n\n<h3 class=\"wp-block-heading\">\u00bfD\u00f3nde se ha metido el caballo de Enrique IV?<\/h3>\n\n\n\n<p class=\"wp-block-paragraph\">El caballo del rey ha desaparecido. A lo largo del castillo, los m\u00e1s peque\u00f1os tendr\u00e1n que observar, contar, imitar y sortear alguna que otra trampa con la ayuda de grandes tarjetas con pistas.<\/p>\n\n\n\n<p class=\"wp-block-paragraph\"><strong>Del 19 al 23 y del 26 al 30 de octubre, de 11 a 12 h<\/strong> \u00b7 Ch\u00e2teau de Pau \u00b7 De 3 a 6 a\u00f1os \u00b7 4 \u20ac por ni\u00f1o y 4 \u20ac para un acompa\u00f1ante; adulto adicional 12 \u20ac \u00b7 Reserva en l\u00ednea.<br><a href=\"https:\/\/chateau-pau.fr\/musees-napoleonien-africain\/agenda\/evenement\/mon-cheval-disparu\">Ver \u00abMon cheval a disparu\u00bb<\/a><\/p>\n\n\n\n<h3 class=\"wp-block-heading\">Su Majestad, el caballo<\/h3>\n\n\n\n<p class=\"wp-block-paragraph\">Caballo de batalla, compa\u00f1ero de caza o elegante montura de desfile: el caballo real va desvelando sus distintos papeles entre retos y secretos escondidos en las colecciones.<\/p>\n\n\n\n<p class=\"wp-block-paragraph\"><strong>Del 19 al 23 y del 26 al 30 de octubre, de 14.30 a 15.30 h<\/strong> \u00b7 Ch\u00e2teau de Pau \u00b7 De 7 a 10 a\u00f1os \u00b7 4 \u20ac por ni\u00f1o y 4 \u20ac para un acompa\u00f1ante; adulto adicional 12 \u20ac \u00b7 Reserva en l\u00ednea.<br><a href=\"https:\/\/chateau-pau.fr\/agenda\/evenement\/sa-majeste-le-cheval\">Ver \u00abSa Majest\u00e9 le cheval\u00bb<\/a><\/p>\n<\/div>\n\n\n\n<div class=\"wp-block-column is-layout-flow wp-block-column-is-layout-flow\" style=\"flex-basis:5%\"><\/div>\n<\/div>\n","protected":false},"excerpt":{"rendered":"<p>Halloween, talleres, juegos y visitas: descubre nuestros planes favoritos para disfrutar de las vacaciones de oto\u00f1o en familia alrededor de Les Pr\u00e9s d\u2019Eug\u00e9nie.<\/p>\n","protected":false},"author":4,"featured_media":121030,"comment_status":"closed","ping_status":"closed","sticky":false,"template":"","format":"standard","meta":{"_acf_changed":false,"footnotes":""},"categories":[532,477],"tags":[],"class_list":["post-121058","post","type-post","status-publish","format-standard","has-post-thumbnail","hentry","category-en-famille","category-otono"],"acf":[],"yoast_head":"<!-- This site is optimized with the Yoast SEO plugin v28.1 - https:\/\/yoast.com\/product\/yoast-seo-wordpress\/ -->\n<title>Vacaciones de oto\u00f1o en las Landas | Les Pr\u00e9s d\u2019Eug\u00e9nie<\/title>\n<meta name=\"description\" content=\"Vacaciones de oto\u00f1o en las Landas: Halloween, talleres y planes en familia cerca de Les Pr\u00e9s d\u2019Eug\u00e9nie, hotel Relais &amp; Ch\u00e2teaux en Landes.\" \/>\n<meta name=\"robots\" content=\"index, follow, max-snippet:-1, max-image-preview:large, max-video-preview:-1\" \/>\n<link rel=\"canonical\" href=\"https:\/\/lespresdeugenie.com\/es\/vacaciones-otono-landas\/\" \/>\n<meta property=\"og:locale\" content=\"es_ES\" \/>\n<meta property=\"og:type\" content=\"article\" \/>\n<meta property=\"og:title\" content=\"Vacaciones de oto\u00f1o en las Landas | Les Pr\u00e9s d\u2019Eug\u00e9nie\" \/>\n<meta property=\"og:description\" content=\"Vacaciones de oto\u00f1o en las Landas: Halloween, talleres y planes en familia cerca de Les Pr\u00e9s d\u2019Eug\u00e9nie, hotel Relais &amp; Ch\u00e2teaux en Landes.\" \/>\n<meta property=\"og:url\" content=\"https:\/\/lespresdeugenie.com\/es\/vacaciones-otono-landas\/\" \/>\n<meta property=\"og:site_name\" content=\"Les Pr\u00e9s d&#039;Eug\u00e9nie\" \/>\n<meta property=\"article:publisher\" content=\"https:\/\/www.facebook.com\/LesPresdEugenie\/\" \/>\n<meta property=\"article:published_time\" content=\"2026-09-04T15:51:38+00:00\" \/>\n<meta property=\"article:modified_time\" content=\"2026-09-04T16:36:53+00:00\" \/>\n<meta property=\"og:image\" content=\"https:\/\/lespresdeugenie.com\/wp-content\/uploads\/2026\/09\/Les-Pres-dEugenie-2025-@JoannPai-06183.jpg\" \/>\n\t<meta property=\"og:image:width\" content=\"6259\" \/>\n\t<meta property=\"og:image:height\" content=\"8345\" \/>\n\t<meta property=\"og:image:type\" content=\"image\/jpeg\" \/>\n<meta name=\"author\" content=\"El\u00e9onore\" \/>\n<meta name=\"twitter:card\" content=\"summary_large_image\" \/>\n<meta name=\"twitter:label1\" content=\"Escrito por\" \/>\n\t<meta name=\"twitter:data1\" content=\"El\u00e9onore\" \/>\n\t<meta name=\"twitter:label2\" content=\"Tiempo de lectura\" \/>\n\t<meta name=\"twitter:data2\" content=\"9 minutos\" \/>\n<script type=\"application\/ld+json\" class=\"yoast-schema-graph\">{\"@context\":\"https:\\\/\\\/schema.org\",\"@graph\":[{\"@type\":\"Article\",\"@id\":\"https:\\\/\\\/lespresdeugenie.com\\\/es\\\/vacaciones-otono-landas\\\/#article\",\"isPartOf\":{\"@id\":\"https:\\\/\\\/lespresdeugenie.com\\\/es\\\/vacaciones-otono-landas\\\/\"},\"author\":{\"name\":\"El\u00e9onore\",\"@id\":\"https:\\\/\\\/lespresdeugenie.com\\\/#\\\/schema\\\/person\\\/6fb897bc4aa150783748093dff04553c\"},\"headline\":\"Vacaciones de oto\u00f1o en las Landas: qu\u00e9 hacer en familia\",\"datePublished\":\"2026-09-04T15:51:38+00:00\",\"dateModified\":\"2026-09-04T16:36:53+00:00\",\"mainEntityOfPage\":{\"@id\":\"https:\\\/\\\/lespresdeugenie.com\\\/es\\\/vacaciones-otono-landas\\\/\"},\"wordCount\":1348,\"publisher\":{\"@id\":\"https:\\\/\\\/lespresdeugenie.com\\\/#organization\"},\"image\":{\"@id\":\"https:\\\/\\\/lespresdeugenie.com\\\/es\\\/vacaciones-otono-landas\\\/#primaryimage\"},\"thumbnailUrl\":\"https:\\\/\\\/lespresdeugenie.com\\\/wp-content\\\/uploads\\\/2026\\\/09\\\/Les-Pres-dEugenie-2025-@JoannPai-06183.jpg\",\"articleSection\":[\"En Famille\",\"Oto\u00f1o\"],\"inLanguage\":\"es\"},{\"@type\":\"WebPage\",\"@id\":\"https:\\\/\\\/lespresdeugenie.com\\\/es\\\/vacaciones-otono-landas\\\/\",\"url\":\"https:\\\/\\\/lespresdeugenie.com\\\/es\\\/vacaciones-otono-landas\\\/\",\"name\":\"Vacaciones de oto\u00f1o en las Landas | Les Pr\u00e9s d\u2019Eug\u00e9nie\",\"isPartOf\":{\"@id\":\"https:\\\/\\\/lespresdeugenie.com\\\/#website\"},\"primaryImageOfPage\":{\"@id\":\"https:\\\/\\\/lespresdeugenie.com\\\/es\\\/vacaciones-otono-landas\\\/#primaryimage\"},\"image\":{\"@id\":\"https:\\\/\\\/lespresdeugenie.com\\\/es\\\/vacaciones-otono-landas\\\/#primaryimage\"},\"thumbnailUrl\":\"https:\\\/\\\/lespresdeugenie.com\\\/wp-content\\\/uploads\\\/2026\\\/09\\\/Les-Pres-dEugenie-2025-@JoannPai-06183.jpg\",\"datePublished\":\"2026-09-04T15:51:38+00:00\",\"dateModified\":\"2026-09-04T16:36:53+00:00\",\"description\":\"Vacaciones de oto\u00f1o en las Landas: Halloween, talleres y planes en familia cerca de Les Pr\u00e9s d\u2019Eug\u00e9nie, hotel Relais & Ch\u00e2teaux en Landes.\",\"breadcrumb\":{\"@id\":\"https:\\\/\\\/lespresdeugenie.com\\\/es\\\/vacaciones-otono-landas\\\/#breadcrumb\"},\"inLanguage\":\"es\",\"potentialAction\":[{\"@type\":\"ReadAction\",\"target\":[\"https:\\\/\\\/lespresdeugenie.com\\\/es\\\/vacaciones-otono-landas\\\/\"]}]},{\"@type\":\"ImageObject\",\"inLanguage\":\"es\",\"@id\":\"https:\\\/\\\/lespresdeugenie.com\\\/es\\\/vacaciones-otono-landas\\\/#primaryimage\",\"url\":\"https:\\\/\\\/lespresdeugenie.com\\\/wp-content\\\/uploads\\\/2026\\\/09\\\/Les-Pres-dEugenie-2025-@JoannPai-06183.jpg\",\"contentUrl\":\"https:\\\/\\\/lespresdeugenie.com\\\/wp-content\\\/uploads\\\/2026\\\/09\\\/Les-Pres-dEugenie-2025-@JoannPai-06183.jpg\",\"width\":6259,\"height\":8345},{\"@type\":\"BreadcrumbList\",\"@id\":\"https:\\\/\\\/lespresdeugenie.com\\\/es\\\/vacaciones-otono-landas\\\/#breadcrumb\",\"itemListElement\":[{\"@type\":\"ListItem\",\"position\":1,\"name\":\"Inicio\",\"item\":\"https:\\\/\\\/lespresdeugenie.com\\\/es\\\/\"},{\"@type\":\"ListItem\",\"position\":2,\"name\":\"Vacaciones de oto\u00f1o en las Landas: qu\u00e9 hacer en familia\"}]},{\"@type\":\"WebSite\",\"@id\":\"https:\\\/\\\/lespresdeugenie.com\\\/#website\",\"url\":\"https:\\\/\\\/lespresdeugenie.com\\\/\",\"name\":\"Les Pr\u00e9s d'Eugenie - Maison Gu\u00e9rard\",\"description\":\"\",\"publisher\":{\"@id\":\"https:\\\/\\\/lespresdeugenie.com\\\/#organization\"},\"alternateName\":\"LPDE\",\"potentialAction\":[{\"@type\":\"SearchAction\",\"target\":{\"@type\":\"EntryPoint\",\"urlTemplate\":\"https:\\\/\\\/lespresdeugenie.com\\\/?s={search_term_string}\"},\"query-input\":{\"@type\":\"PropertyValueSpecification\",\"valueRequired\":true,\"valueName\":\"search_term_string\"}}],\"inLanguage\":\"es\"},{\"@type\":\"Organization\",\"@id\":\"https:\\\/\\\/lespresdeugenie.com\\\/#organization\",\"name\":\"Les Pr\u00e9s d'Eugenie - Maison Gu\u00e9rard\",\"url\":\"https:\\\/\\\/lespresdeugenie.com\\\/\",\"logo\":{\"@type\":\"ImageObject\",\"inLanguage\":\"es\",\"@id\":\"https:\\\/\\\/lespresdeugenie.com\\\/#\\\/schema\\\/logo\\\/image\\\/\",\"url\":\"https:\\\/\\\/lespresdeugenie.com\\\/wp-content\\\/uploads\\\/2022\\\/12\\\/les-pres-eugenie-logo-1.png\",\"contentUrl\":\"https:\\\/\\\/lespresdeugenie.com\\\/wp-content\\\/uploads\\\/2022\\\/12\\\/les-pres-eugenie-logo-1.png\",\"width\":269,\"height\":60,\"caption\":\"Les Pr\u00e9s d'Eugenie - Maison Gu\u00e9rard\"},\"image\":{\"@id\":\"https:\\\/\\\/lespresdeugenie.com\\\/#\\\/schema\\\/logo\\\/image\\\/\"},\"sameAs\":[\"https:\\\/\\\/www.facebook.com\\\/LesPresdEugenie\\\/\",\"https:\\\/\\\/www.instagram.com\\\/maisons_guerard\\\/?hl=fr\",\"https:\\\/\\\/fr.linkedin.com\\\/company\\\/les-pres-d'eugenie\"]},{\"@type\":\"Person\",\"@id\":\"https:\\\/\\\/lespresdeugenie.com\\\/#\\\/schema\\\/person\\\/6fb897bc4aa150783748093dff04553c\",\"name\":\"El\u00e9onore\",\"image\":{\"@type\":\"ImageObject\",\"inLanguage\":\"es\",\"@id\":\"https:\\\/\\\/secure.gravatar.com\\\/avatar\\\/379868b6b7cad1a4691642ebe088fd78def3c6faaaa689a897101df17091e641?s=96&d=mm&r=g\",\"url\":\"https:\\\/\\\/secure.gravatar.com\\\/avatar\\\/379868b6b7cad1a4691642ebe088fd78def3c6faaaa689a897101df17091e641?s=96&d=mm&r=g\",\"contentUrl\":\"https:\\\/\\\/secure.gravatar.com\\\/avatar\\\/379868b6b7cad1a4691642ebe088fd78def3c6faaaa689a897101df17091e641?s=96&d=mm&r=g\",\"caption\":\"El\u00e9onore\"}}]}<\/script>\n<!-- \/ Yoast SEO plugin. -->","yoast_head_json":{"title":"Vacaciones de oto\u00f1o en las Landas | Les Pr\u00e9s d\u2019Eug\u00e9nie","description":"Vacaciones de oto\u00f1o en las Landas: Halloween, talleres y planes en familia cerca de Les Pr\u00e9s d\u2019Eug\u00e9nie, hotel Relais & Ch\u00e2teaux en Landes.","robots":{"index":"index","follow":"follow","max-snippet":"max-snippet:-1","max-image-preview":"max-image-preview:large","max-video-preview":"max-video-preview:-1"},"canonical":"https:\/\/lespresdeugenie.com\/es\/vacaciones-otono-landas\/","og_locale":"es_ES","og_type":"article","og_title":"Vacaciones de oto\u00f1o en las Landas | Les Pr\u00e9s d\u2019Eug\u00e9nie","og_description":"Vacaciones de oto\u00f1o en las Landas: Halloween, talleres y planes en familia cerca de Les Pr\u00e9s d\u2019Eug\u00e9nie, hotel Relais & Ch\u00e2teaux en Landes.","og_url":"https:\/\/lespresdeugenie.com\/es\/vacaciones-otono-landas\/","og_site_name":"Les Pr\u00e9s d&#039;Eug\u00e9nie","article_publisher":"https:\/\/www.facebook.com\/LesPresdEugenie\/","article_published_time":"2026-09-04T15:51:38+00:00","article_modified_time":"2026-09-04T16:36:53+00:00","og_image":[{"width":6259,"height":8345,"url":"https:\/\/lespresdeugenie.com\/wp-content\/uploads\/2026\/09\/Les-Pres-dEugenie-2025-@JoannPai-06183.jpg","type":"image\/jpeg"}],"author":"El\u00e9onore","twitter_card":"summary_large_image","twitter_misc":{"Escrito por":"El\u00e9onore","Tiempo de lectura":"9 minutos"},"schema":{"@context":"https:\/\/schema.org","@graph":[{"@type":"Article","@id":"https:\/\/lespresdeugenie.com\/es\/vacaciones-otono-landas\/#article","isPartOf":{"@id":"https:\/\/lespresdeugenie.com\/es\/vacaciones-otono-landas\/"},"author":{"name":"El\u00e9onore","@id":"https:\/\/lespresdeugenie.com\/#\/schema\/person\/6fb897bc4aa150783748093dff04553c"},"headline":"Vacaciones de oto\u00f1o en las Landas: qu\u00e9 hacer en familia","datePublished":"2026-09-04T15:51:38+00:00","dateModified":"2026-09-04T16:36:53+00:00","mainEntityOfPage":{"@id":"https:\/\/lespresdeugenie.com\/es\/vacaciones-otono-landas\/"},"wordCount":1348,"publisher":{"@id":"https:\/\/lespresdeugenie.com\/#organization"},"image":{"@id":"https:\/\/lespresdeugenie.com\/es\/vacaciones-otono-landas\/#primaryimage"},"thumbnailUrl":"https:\/\/lespresdeugenie.com\/wp-content\/uploads\/2026\/09\/Les-Pres-dEugenie-2025-@JoannPai-06183.jpg","articleSection":["En Famille","Oto\u00f1o"],"inLanguage":"es"},{"@type":"WebPage","@id":"https:\/\/lespresdeugenie.com\/es\/vacaciones-otono-landas\/","url":"https:\/\/lespresdeugenie.com\/es\/vacaciones-otono-landas\/","name":"Vacaciones de oto\u00f1o en las Landas | Les Pr\u00e9s d\u2019Eug\u00e9nie","isPartOf":{"@id":"https:\/\/lespresdeugenie.com\/#website"},"primaryImageOfPage":{"@id":"https:\/\/lespresdeugenie.com\/es\/vacaciones-otono-landas\/#primaryimage"},"image":{"@id":"https:\/\/lespresdeugenie.com\/es\/vacaciones-otono-landas\/#primaryimage"},"thumbnailUrl":"https:\/\/lespresdeugenie.com\/wp-content\/uploads\/2026\/09\/Les-Pres-dEugenie-2025-@JoannPai-06183.jpg","datePublished":"2026-09-04T15:51:38+00:00","dateModified":"2026-09-04T16:36:53+00:00","description":"Vacaciones de oto\u00f1o en las Landas: Halloween, talleres y planes en familia cerca de Les Pr\u00e9s d\u2019Eug\u00e9nie, hotel Relais & Ch\u00e2teaux en Landes.","breadcrumb":{"@id":"https:\/\/lespresdeugenie.com\/es\/vacaciones-otono-landas\/#breadcrumb"},"inLanguage":"es","potentialAction":[{"@type":"ReadAction","target":["https:\/\/lespresdeugenie.com\/es\/vacaciones-otono-landas\/"]}]},{"@type":"ImageObject","inLanguage":"es","@id":"https:\/\/lespresdeugenie.com\/es\/vacaciones-otono-landas\/#primaryimage","url":"https:\/\/lespresdeugenie.com\/wp-content\/uploads\/2026\/09\/Les-Pres-dEugenie-2025-@JoannPai-06183.jpg","contentUrl":"https:\/\/lespresdeugenie.com\/wp-content\/uploads\/2026\/09\/Les-Pres-dEugenie-2025-@JoannPai-06183.jpg","width":6259,"height":8345},{"@type":"BreadcrumbList","@id":"https:\/\/lespresdeugenie.com\/es\/vacaciones-otono-landas\/#breadcrumb","itemListElement":[{"@type":"ListItem","position":1,"name":"Inicio","item":"https:\/\/lespresdeugenie.com\/es\/"},{"@type":"ListItem","position":2,"name":"Vacaciones de oto\u00f1o en las Landas: qu\u00e9 hacer en familia"}]},{"@type":"WebSite","@id":"https:\/\/lespresdeugenie.com\/#website","url":"https:\/\/lespresdeugenie.com\/","name":"Les Pr\u00e9s d'Eugenie - Maison Gu\u00e9rard","description":"","publisher":{"@id":"https:\/\/lespresdeugenie.com\/#organization"},"alternateName":"LPDE","potentialAction":[{"@type":"SearchAction","target":{"@type":"EntryPoint","urlTemplate":"https:\/\/lespresdeugenie.com\/?s={search_term_string}"},"query-input":{"@type":"PropertyValueSpecification","valueRequired":true,"valueName":"search_term_string"}}],"inLanguage":"es"},{"@type":"Organization","@id":"https:\/\/lespresdeugenie.com\/#organization","name":"Les Pr\u00e9s d'Eugenie - Maison Gu\u00e9rard","url":"https:\/\/lespresdeugenie.com\/","logo":{"@type":"ImageObject","inLanguage":"es","@id":"https:\/\/lespresdeugenie.com\/#\/schema\/logo\/image\/","url":"https:\/\/lespresdeugenie.com\/wp-content\/uploads\/2022\/12\/les-pres-eugenie-logo-1.png","contentUrl":"https:\/\/lespresdeugenie.com\/wp-content\/uploads\/2022\/12\/les-pres-eugenie-logo-1.png","width":269,"height":60,"caption":"Les Pr\u00e9s d'Eugenie - Maison Gu\u00e9rard"},"image":{"@id":"https:\/\/lespresdeugenie.com\/#\/schema\/logo\/image\/"},"sameAs":["https:\/\/www.facebook.com\/LesPresdEugenie\/","https:\/\/www.instagram.com\/maisons_guerard\/?hl=fr","https:\/\/fr.linkedin.com\/company\/les-pres-d'eugenie"]},{"@type":"Person","@id":"https:\/\/lespresdeugenie.com\/#\/schema\/person\/6fb897bc4aa150783748093dff04553c","name":"El\u00e9onore","image":{"@type":"ImageObject","inLanguage":"es","@id":"https:\/\/secure.gravatar.com\/avatar\/379868b6b7cad1a4691642ebe088fd78def3c6faaaa689a897101df17091e641?s=96&d=mm&r=g","url":"https:\/\/secure.gravatar.com\/avatar\/379868b6b7cad1a4691642ebe088fd78def3c6faaaa689a897101df17091e641?s=96&d=mm&r=g","contentUrl":"https:\/\/secure.gravatar.com\/avatar\/379868b6b7cad1a4691642ebe088fd78def3c6faaaa689a897101df17091e641?s=96&d=mm&r=g","caption":"El\u00e9onore"}}]}},"_links":{"self":[{"href":"https:\/\/lespresdeugenie.com\/es\/wp-json\/wp\/v2\/posts\/121058","targetHints":{"allow":["GET"]}}],"collection":[{"href":"https:\/\/lespresdeugenie.com\/es\/wp-json\/wp\/v2\/posts"}],"about":[{"href":"https:\/\/lespresdeugenie.com\/es\/wp-json\/wp\/v2\/types\/post"}],"author":[{"embeddable":true,"href":"https:\/\/lespresdeugenie.com\/es\/wp-json\/wp\/v2\/users\/4"}],"replies":[{"embeddable":true,"href":"https:\/\/lespresdeugenie.com\/es\/wp-json\/wp\/v2\/comments?post=121058"}],"version-history":[{"count":3,"href":"https:\/\/lespresdeugenie.com\/es\/wp-json\/wp\/v2\/posts\/121058\/revisions"}],"predecessor-version":[{"id":121069,"href":"https:\/\/lespresdeugenie.com\/es\/wp-json\/wp\/v2\/posts\/121058\/revisions\/121069"}],"wp:featuredmedia":[{"embeddable":true,"href":"https:\/\/lespresdeugenie.com\/es\/wp-json\/wp\/v2\/media\/121030"}],"wp:attachment":[{"href":"https:\/\/lespresdeugenie.com\/es\/wp-json\/wp\/v2\/media?parent=121058"}],"wp:term":[{"taxonomy":"category","embeddable":true,"href":"https:\/\/lespresdeugenie.com\/es\/wp-json\/wp\/v2\/categories?post=121058"},{"taxonomy":"post_tag","embeddable":true,"href":"https:\/\/lespresdeugenie.com\/es\/wp-json\/wp\/v2\/tags?post=121058"}],"curies":[{"name":"wp","href":"https:\/\/api.w.org\/{rel}","templated":true}]}}